{"id":1306,"date":"2025-05-19T17:18:31","date_gmt":"2025-05-19T21:18:31","guid":{"rendered":"https:\/\/isc-rancagua.cl\/sc\/?p=1306"},"modified":"2026-04-15T15:58:16","modified_gmt":"2026-04-15T19:58:16","slug":"calendario-semanal","status":"publish","type":"post","link":"https:\/\/isc-rancagua.cl\/sc\/calendario-semanal\/","title":{"rendered":"CALENDARIO MENSUAL"},"content":{"rendered":"<p style=\"text-align: center;\"><span style=\"font-size: 18pt; color: #800000;\"><strong>CALENDARIO MENSUAL ABRIL 2026<\/strong><\/span><\/p>\n<p>&nbsp;<\/p>\n<p><strong><span style=\"font-size: 18px;\">Mi\u00e9rcoles 8 de abril<\/span><\/strong><\/p>\n<ul>\n<li>1er Ensayo PAES \/ Lenguaje Matem\u00e1tica &#8211; 3\u00b0 medio<\/li>\n<\/ul>\n<p>&nbsp;<\/p>\n<p><span style=\"font-size: 18px;\"><strong>Martes 14 de abril<\/strong><\/span><\/p>\n<ul>\n<li>Catequesis Familiar Padres. Primera comuni\u00f3n (grupo antiguo)<\/li>\n<\/ul>\n<p>&nbsp;<\/p>\n<p><span style=\"font-size: 14pt;\"><strong>Mi\u00e9rcoles 22 de abril<\/strong><\/span><\/p>\n<ul>\n<li>D\u00eda de la tierra<\/li>\n<li>Retiro 4\u00b0 b\u00e1sico<\/li>\n<\/ul>\n<p>&nbsp;<\/p>\n<p><span style=\"font-size: 14pt;\"><strong>jueves 23 de abril<\/strong><\/span><\/p>\n<ul>\n<li>Acto \/ 3\u00b0 b\u00e1sico \u00abD\u00eda del libro y la lectura y el derecho de autor.<\/li>\n<\/ul>\n<p>&nbsp;<\/p>\n<p><span style=\"font-size: 14pt;\"><strong>Lunes 27 de abril.<\/strong><\/span><\/p>\n<ul>\n<li>10:00 hrs. Acto saludo Kinder: D\u00eda del\/a Carabinero\/a<\/li>\n<\/ul>\n","protected":false},"excerpt":{"rendered":"<p>CALENDARIO MENSUAL ABRIL 2026 &nbsp; Mi\u00e9rcoles 8 de abril 1er Ensayo PAES \/ Lenguaje Matem\u00e1tica &#8211; 3\u00b0 medio &nbsp; Martes 14 de abril Catequesis Familiar Padres. Primera comuni\u00f3n (grupo antiguo) &nbsp; Mi\u00e9rcoles 22 de abril D\u00eda de la tierra Retiro 4\u00b0 b\u00e1sico &nbsp; jueves 23 de abril Acto \/ 3\u00b0 b\u00e1sico \u00abD\u00eda del libro y la lectura y el derecho de autor. &nbsp; Lunes 27 de abril. 10:00 hrs. Acto saludo Kinder: D\u00eda del\/a Carabinero\/a<\/p>\n","protected":false},"author":1,"featured_media":1511,"comment_status":"closed","ping_status":"closed","sticky":false,"template":"","format":"standard","meta":{"_eb_attr":"","footnotes":""},"categories":[7,6],"tags":[],"class_list":["post-1306","post","type-post","status-publish","format-standard","has-post-thumbnail","hentry","category-banner","category-centro-de-padres"],"gutentor_comment":0,"_links":{"self":[{"href":"https:\/\/isc-rancagua.cl\/sc\/wp-json\/wp\/v2\/posts\/1306","targetHints":{"allow":["GET"]}}],"collection":[{"href":"https:\/\/isc-rancagua.cl\/sc\/wp-json\/wp\/v2\/posts"}],"about":[{"href":"https:\/\/isc-rancagua.cl\/sc\/wp-json\/wp\/v2\/types\/post"}],"author":[{"embeddable":true,"href":"https:\/\/isc-rancagua.cl\/sc\/wp-json\/wp\/v2\/users\/1"}],"replies":[{"embeddable":true,"href":"https:\/\/isc-rancagua.cl\/sc\/wp-json\/wp\/v2\/comments?post=1306"}],"version-history":[{"count":34,"href":"https:\/\/isc-rancagua.cl\/sc\/wp-json\/wp\/v2\/posts\/1306\/revisions"}],"predecessor-version":[{"id":2381,"href":"https:\/\/isc-rancagua.cl\/sc\/wp-json\/wp\/v2\/posts\/1306\/revisions\/2381"}],"wp:featuredmedia":[{"embeddable":true,"href":"https:\/\/isc-rancagua.cl\/sc\/wp-json\/wp\/v2\/media\/1511"}],"wp:attachment":[{"href":"https:\/\/isc-rancagua.cl\/sc\/wp-json\/wp\/v2\/media?parent=1306"}],"wp:term":[{"taxonomy":"category","embeddable":true,"href":"https:\/\/isc-rancagua.cl\/sc\/wp-json\/wp\/v2\/categories?post=1306"},{"taxonomy":"post_tag","embeddable":true,"href":"https:\/\/isc-rancagua.cl\/sc\/wp-json\/wp\/v2\/tags?post=1306"}],"curies":[{"name":"wp","href":"https:\/\/api.w.org\/{rel}","templated":true}]}}